{"id":13798,"date":"2019-05-02T08:53:52","date_gmt":"2019-05-02T08:53:52","guid":{"rendered":"http:\/\/bugetareparticipativa.viitorul.org\/budesti\/?p=13798"},"modified":"2019-05-03T11:34:45","modified_gmt":"2019-05-03T11:34:45","slug":"alee","status":"publish","type":"post","link":"https:\/\/bugetareparticipativa.viitorul.org\/budesti\/2019\/05\/02\/alee\/","title":{"rendered":"Satul Bude\u0219ti are o alee a siguran\u021bei"},"content":{"rendered":"<div style=\"text-align: left;\">Pe 19 aprilie 2019, \u00een satul Bude\u0219ti, a fost inaugurat\u0103 \u201dAleea Siguran\u0163ei\u201d.<\/div>\n<div style=\"text-align: left;\">Pentru siguran\u021ba cet\u0103\u021benilor \u0219i valorificarea activit\u0103\u021bilor publice de informare cu genericul \u201eCon\u0219tientizezi \u0219i contribui la siguran\u021ba \u00een localitatea ta\u201d.<\/div>\n<div style=\"text-align: left;\"><\/div>\n<div style=\"text-align: left;\">Pentru ca cet\u0103\u021benii s\u0103 beneficieze de informa\u021bii utile \u0219i accesibile, panourile cu recomand\u0103ri au fost instalate \u00een adiacentul Centrului pentru Copii \u0219i Tineret, astfel ca trec\u0103torii s\u0103 fie informa\u021bi cum s\u0103-\u015fi protejeze locuin\u021bele, automobilele \u0219i buzunarele de ho\u0163i, despre siguran\u0163a \u00een trafic, dar \u0219i cum s\u0103-\u0219i preg\u0103teasc\u0103 copiii s\u0103 reac\u021bioneze \u00een situa\u021biile de risc.<\/div>\n<div><\/div>\n<div>Afl\u0103 mai multe pe: <a href=\"http:\/\/budesti.md\/\">http:\/\/budesti.md\/<\/a><\/div>\n","protected":false},"excerpt":{"rendered":"<p>Pe 19 aprilie 2019, \u00een satul Bude\u0219ti, a fost inaugurat\u0103 \u201dAleea Siguran\u0163ei\u201d. Pentru siguran\u021ba cet\u0103\u021benilor \u0219i valorificarea activit\u0103\u021bilor publice de informare cu genericul \u201eCon\u0219tientizezi \u0219i contribui la siguran\u021ba \u00een localitatea ta\u201d. Pentru ca cet\u0103\u021benii s\u0103 beneficieze de informa\u021bii utile \u0219i accesibile, panourile cu recomand\u0103ri au fost instalate \u00een adiacentul Centrului pentru Copii \u0219i Tineret, astfel [&hellip;]<\/p>\n","protected":false},"author":26,"featured_media":14080,"comment_status":"closed","ping_status":"open","sticky":false,"template":"","format":"standard","meta":{"_et_pb_use_builder":"","_et_pb_old_content":""},"categories":[43],"tags":[],"_links":{"self":[{"href":"https:\/\/bugetareparticipativa.viitorul.org\/budesti\/wp-json\/wp\/v2\/posts\/13798"}],"collection":[{"href":"https:\/\/bugetareparticipativa.viitorul.org\/budesti\/wp-json\/wp\/v2\/posts"}],"about":[{"href":"https:\/\/bugetareparticipativa.viitorul.org\/budesti\/wp-json\/wp\/v2\/types\/post"}],"author":[{"embeddable":true,"href":"https:\/\/bugetareparticipativa.viitorul.org\/budesti\/wp-json\/wp\/v2\/users\/26"}],"replies":[{"embeddable":true,"href":"https:\/\/bugetareparticipativa.viitorul.org\/budesti\/wp-json\/wp\/v2\/comments?post=13798"}],"version-history":[{"count":2,"href":"https:\/\/bugetareparticipativa.viitorul.org\/budesti\/wp-json\/wp\/v2\/posts\/13798\/revisions"}],"predecessor-version":[{"id":14081,"href":"https:\/\/bugetareparticipativa.viitorul.org\/budesti\/wp-json\/wp\/v2\/posts\/13798\/revisions\/14081"}],"wp:featuredmedia":[{"embeddable":true,"href":"https:\/\/bugetareparticipativa.viitorul.org\/budesti\/wp-json\/wp\/v2\/media\/14080"}],"wp:attachment":[{"href":"https:\/\/bugetareparticipativa.viitorul.org\/budesti\/wp-json\/wp\/v2\/media?parent=13798"}],"wp:term":[{"taxonomy":"category","embeddable":true,"href":"https:\/\/bugetareparticipativa.viitorul.org\/budesti\/wp-json\/wp\/v2\/categories?post=13798"},{"taxonomy":"post_tag","embeddable":true,"href":"https:\/\/bugetareparticipativa.viitorul.org\/budesti\/wp-json\/wp\/v2\/tags?post=13798"}],"curies":[{"name":"wp","href":"https:\/\/api.w.org\/{rel}","templated":true}]}}